{"id":6346,"date":"2023-05-14T18:00:54","date_gmt":"2023-05-15T00:00:54","guid":{"rendered":"https:\/\/avanzasaludips.com\/php\/?p=6346"},"modified":"2023-07-31T11:59:49","modified_gmt":"2023-07-31T17:59:49","slug":"dia-de-la-madre-2023-teamavanza","status":"publish","type":"post","link":"https:\/\/avanzasaludips.com\/php\/blog\/dia-de-la-madre-2023-teamavanza\/","title":{"rendered":"D\u00eda de la Madre 2023 TeamAvanza"},"content":{"rendered":"<p style=\"text-align: justify;\">En Avanza Salud trabajamos en programas de rehabilitaci\u00f3n integral con un enfoque interdisciplinario, que ayuda a mejorar la calidad de vida de la poblaci\u00f3n infantil menor de 18 a\u00f1os y a todo su n\u00facleo familiar, creando programas personalizados y ajustadas a las necesidades de cada individuo.<\/p>\n<h2 style=\"text-align: center;\"><strong>D\u00cdA DE LAS MADRES<\/strong><\/h2>\n<p style=\"text-align: justify;\">Gracias a nuestro equipo de profesionales del <a class=\"x1i10hfl xjbqb8w x6umtig x1b1mbwd xaqea5y xav7gou x9f619 x1ypdohk xt0psk2 xe8uvvx xdj266r x11i5rnm xat24cr x1mh8g0r xexx8yu x4uap5 x18d9i69 xkhd6sd x16tdsg8 x1hl2dhg xggy1nq x1a2a7pz _aa9_ _a6hd\" tabindex=\"0\" role=\"link\" href=\"https:\/\/www.instagram.com\/explore\/tags\/teamavanza2023\/\">Team Avanza 2023<\/a> por ser un grupo de mujeres dedicadas, responsables y entregadas tanto a su labor como parte de nuestro equipo de intervenci\u00f3n como tambi\u00e9n miembros importantes en su n\u00facleo familiar.<\/p>\n<p>Tengan presente que si desean pueden tener impresas sus fotos, solo deben ponerse en contacto con nuestra <strong>Community Manager al 304 560 3077<\/strong><\/p>\n\n\t\t<style type=\"text\/css\">\n\t\t\t#gallery-1 {\n\t\t\t\tmargin: auto;\n\t\t\t}\n\t\t\t#gallery-1 .gallery-item {\n\t\t\t\tfloat: left;\n\t\t\t\tmargin-top: 10px;\n\t\t\t\ttext-align: center;\n\t\t\t\twidth: 25%;\n\t\t\t}\n\t\t\t#gallery-1 img {\n\t\t\t\tborder: 2px solid #cfcfcf;\n\t\t\t}\n\t\t\t#gallery-1 .gallery-caption {\n\t\t\t\tmargin-left: 0;\n\t\t\t}\n\t\t\t\/* see gallery_shortcode() in wp-includes\/media.php *\/\n\t\t<\/style>\n\t\t<div id='gallery-1' class='gallery galleryid-6346 gallery-columns-4 gallery-size-medium'><dl class='gallery-item'>\n\t\t\t<dt class='gallery-icon portrait'>\n\t\t\t\t<a href='https:\/\/avanzasaludips.com\/php\/wp-content\/uploads\/2023\/07\/2-1.png'><img loading=\"lazy\" decoding=\"async\" width=\"240\" height=\"300\" src=\"https:\/\/avanzasaludips.com\/php\/wp-content\/uploads\/2023\/07\/2-1-240x300.png\" class=\"attachment-medium size-medium\" alt=\"\" \/><\/a>\n\t\t\t<\/dt><\/dl><dl class='gallery-item'>\n\t\t\t<dt class='gallery-icon portrait'>\n\t\t\t\t<a href='https:\/\/avanzasaludips.com\/php\/wp-content\/uploads\/2023\/07\/3-1.png'><img loading=\"lazy\" decoding=\"async\" width=\"240\" height=\"300\" src=\"https:\/\/avanzasaludips.com\/php\/wp-content\/uploads\/2023\/07\/3-1-240x300.png\" class=\"attachment-medium size-medium\" alt=\"\" \/><\/a>\n\t\t\t<\/dt><\/dl><dl class='gallery-item'>\n\t\t\t<dt class='gallery-icon portrait'>\n\t\t\t\t<a href='https:\/\/avanzasaludips.com\/php\/wp-content\/uploads\/2023\/07\/4.png'><img loading=\"lazy\" decoding=\"async\" width=\"240\" height=\"300\" src=\"https:\/\/avanzasaludips.com\/php\/wp-content\/uploads\/2023\/07\/4-240x300.png\" class=\"attachment-medium size-medium\" alt=\"\" \/><\/a>\n\t\t\t<\/dt><\/dl><dl class='gallery-item'>\n\t\t\t<dt class='gallery-icon portrait'>\n\t\t\t\t<a href='https:\/\/avanzasaludips.com\/php\/wp-content\/uploads\/2023\/07\/5.png'><img loading=\"lazy\" decoding=\"async\" width=\"240\" height=\"300\" src=\"https:\/\/avanzasaludips.com\/php\/wp-content\/uploads\/2023\/07\/5-240x300.png\" class=\"attachment-medium size-medium\" alt=\"\" \/><\/a>\n\t\t\t<\/dt><\/dl><br style=\"clear: both\" \/>\n\t\t<\/div>\n\n<p>&nbsp;<\/p>\n","protected":false},"excerpt":{"rendered":"<p>En Avanza Salud trabajamos en programas de rehabilitaci\u00f3n integral con un enfoque interdisciplinario, que ayuda a mejorar la calidad de vida de la poblaci\u00f3n infantil menor de 18 a\u00f1os y a todo su n\u00facleo familiar, creando programas personalizados y ajustadas a las necesidades de cada individuo. D\u00cdA DE LAS MADRES Gracias a nuestro equipo de [&hellip;]<\/p>\n","protected":false},"author":1,"featured_media":6351,"comment_status":"open","ping_status":"open","sticky":false,"template":"","format":"standard","meta":{"_et_pb_use_builder":"","_et_pb_old_content":"","_et_gb_content_width":"","footnotes":""},"categories":[4],"tags":[47,40,70,71,46],"class_list":["post-6346","post","type-post","status-publish","format-standard","has-post-thumbnail","hentry","category-galeria","tag-actividades-terapeuticas-de-avanza-salud","tag-avanza-salud-ips","tag-rehabilitacion-en-medellin","tag-rehabilitacion-integral","tag-rehabilitacion-terapeutica"],"_links":{"self":[{"href":"https:\/\/avanzasaludips.com\/php\/wp-json\/wp\/v2\/posts\/6346","targetHints":{"allow":["GET"]}}],"collection":[{"href":"https:\/\/avanzasaludips.com\/php\/wp-json\/wp\/v2\/posts"}],"about":[{"href":"https:\/\/avanzasaludips.com\/php\/wp-json\/wp\/v2\/types\/post"}],"author":[{"embeddable":true,"href":"https:\/\/avanzasaludips.com\/php\/wp-json\/wp\/v2\/users\/1"}],"replies":[{"embeddable":true,"href":"https:\/\/avanzasaludips.com\/php\/wp-json\/wp\/v2\/comments?post=6346"}],"version-history":[{"count":0,"href":"https:\/\/avanzasaludips.com\/php\/wp-json\/wp\/v2\/posts\/6346\/revisions"}],"wp:featuredmedia":[{"embeddable":true,"href":"https:\/\/avanzasaludips.com\/php\/wp-json\/wp\/v2\/media\/6351"}],"wp:attachment":[{"href":"https:\/\/avanzasaludips.com\/php\/wp-json\/wp\/v2\/media?parent=6346"}],"wp:term":[{"taxonomy":"category","embeddable":true,"href":"https:\/\/avanzasaludips.com\/php\/wp-json\/wp\/v2\/categories?post=6346"},{"taxonomy":"post_tag","embeddable":true,"href":"https:\/\/avanzasaludips.com\/php\/wp-json\/wp\/v2\/tags?post=6346"}],"curies":[{"name":"wp","href":"https:\/\/api.w.org\/{rel}","templated":true}]}}